{"id":710,"date":"2019-04-19T13:52:41","date_gmt":"2019-04-19T11:52:41","guid":{"rendered":"http:\/\/medientheologe.de\/cms\/?p=710"},"modified":"2021-12-17T19:44:17","modified_gmt":"2021-12-17T17:44:17","slug":"meditation-zum-prozess-um-jesus","status":"publish","type":"post","link":"https:\/\/medientheologe.de\/cms\/?p=710","title":{"rendered":"Die Osterdramaturgie"},"content":{"rendered":"<p>In den letzten Jahren beginne ich, die Dramaturgie von Ostern zu wertsch\u00e4tzen. Bewusst nicht jeden Tag des &#8222;Oster-Wochenendes&#8220; gleich fr\u00f6hlich zu feiern, sondern zu begreifen, welche emotionale Achterbahnfahrt Jesus durchgemacht hat und sie mir auch zuzumuten, ohne vor dem Leid wegzulaufen.<\/p>\n<p>Dieses Jahr haben wir in Erfurt am Gr\u00fcndonnerstag eine Tischgemeinschaft organisiert, bei der neben einem liturgischen Teil mit Abendmahl das gemeinsame Essen im Vordergrund stand. Ohne Fu\u00dfwaschung und ohne Verrat, aber mit dem Gef\u00fchl, nochmal mit guten Freunden zu Tisch zu sitzen, bevor ein hektisches Wochende beginnt.<\/p>\n<p>Zu den Szenen von Jesu Verurteilung am Karfreitagsmorgen durfte ich dieses Jahr predigen (<a href=\"http:\/\/cpj.de\/index.php?option=com_content&amp;view=article&amp;id=730&amp;catid=67&amp;Itemid=1739\" target=\"_blank\" rel=\"noopener\">Predigt als Audioaufnahme, 21 min, Anfang fehlt leider<\/a>). Zwar bereits vorgezogen am Palmsonntag, aber dramaturgisch passend habe ich die Aufnahme am Freitag nochmal nachgeh\u00f6rt, als ich Karfreitag\u00a0 zu meiner Familie gefahren bin.<\/p>\n<p>Karsamstag ist der &#8222;Zwischentag&#8220; ohne festes Programm. Die J\u00fcnger waren verunsichert, zerstreut. Sicherlich haben einige auch ihre Familien mal wieder gesehen, die sie f\u00fcr die J\u00fcngerschaft verlassen hatten. Zumindest war ich mit meiner Familie unterwegs. Kein tief geistliches Programm, sondern ein Tag zwischen den Ereignissen.<\/p>\n<p>Den Ostersonntag beginne ich gerne mit einer Osternachtsfeier, die im dunkeln beginnt und liturgisch in die Auferstehung hinein feiert. Das konnten wir in Ingolstadt erleben, wo lebendige Geschichten von Dunkelheit in der heutigen Welt die Folie bildeten, um die Auferstehungsfreude zur Geltung kommen zu lassen. Mit geteiltem Osterlicht ging es dann zum Fr\u00fchst\u00fcck und fr\u00f6hlichen Familienausflug vor dem traditionellen Ostergrillen in Erfurt.<\/p>\n<p>Und der Ostermontag? Bisher kenne ich noch keine einleuchtende Tradition f\u00fcr diesen Tag. Vielleicht ein echtes Entspannen nach diesen emotionalen Tagen? Vielleicht ein Beisammensein mit Erz\u00e4hlen und sich Wahrnehmen? Vielleicht eine Zeit der Bu\u00dfe f\u00fcr Verleugnung, pers\u00f6nliche Schuld und Gnadenerfahrung?<\/p>\n<p>Dieses Jahr werde ich einfach frei haben und das sacken lassen, was ich im letzten Jahr und den letzten Tagen erlebt habe.<\/p>\n<p>Wenn du Ideen oder Anregungen dazu hast, lass es mich gerne wissen!<\/p>\n","protected":false},"excerpt":{"rendered":"<p>In den letzten Jahren beginne ich, die Dramaturgie von Ostern zu wertsch\u00e4tzen. Bewusst nicht jeden Tag des &#8222;Oster-Wochenendes&#8220; gleich fr\u00f6hlich zu feiern, sondern zu begreifen, welche emotionale Achterbahnfahrt Jesus durchgemacht hat und sie mir auch zuzumuten, ohne vor dem Leid wegzulaufen. Dieses Jahr haben wir in Erfurt am Gr\u00fcndonnerstag eine Tischgemeinschaft organisiert, bei der neben [&hellip;]<\/p>\n","protected":false},"author":3,"featured_media":722,"comment_status":"closed","ping_status":"closed","sticky":false,"template":"","format":"standard","meta":{"footnotes":""},"categories":[1],"tags":[],"class_list":["post-710","post","type-post","status-publish","format-standard","has-post-thumbnail","hentry","category-allgemein"],"_links":{"self":[{"href":"https:\/\/medientheologe.de\/cms\/index.php?rest_route=\/wp\/v2\/posts\/710","targetHints":{"allow":["GET"]}}],"collection":[{"href":"https:\/\/medientheologe.de\/cms\/index.php?rest_route=\/wp\/v2\/posts"}],"about":[{"href":"https:\/\/medientheologe.de\/cms\/index.php?rest_route=\/wp\/v2\/types\/post"}],"author":[{"embeddable":true,"href":"https:\/\/medientheologe.de\/cms\/index.php?rest_route=\/wp\/v2\/users\/3"}],"replies":[{"embeddable":true,"href":"https:\/\/medientheologe.de\/cms\/index.php?rest_route=%2Fwp%2Fv2%2Fcomments&post=710"}],"version-history":[{"count":9,"href":"https:\/\/medientheologe.de\/cms\/index.php?rest_route=\/wp\/v2\/posts\/710\/revisions"}],"predecessor-version":[{"id":721,"href":"https:\/\/medientheologe.de\/cms\/index.php?rest_route=\/wp\/v2\/posts\/710\/revisions\/721"}],"wp:featuredmedia":[{"embeddable":true,"href":"https:\/\/medientheologe.de\/cms\/index.php?rest_route=\/wp\/v2\/media\/722"}],"wp:attachment":[{"href":"https:\/\/medientheologe.de\/cms\/index.php?rest_route=%2Fwp%2Fv2%2Fmedia&parent=710"}],"wp:term":[{"taxonomy":"category","embeddable":true,"href":"https:\/\/medientheologe.de\/cms\/index.php?rest_route=%2Fwp%2Fv2%2Fcategories&post=710"},{"taxonomy":"post_tag","embeddable":true,"href":"https:\/\/medientheologe.de\/cms\/index.php?rest_route=%2Fwp%2Fv2%2Ftags&post=710"}],"curies":[{"name":"wp","href":"https:\/\/api.w.org\/{rel}","templated":true}]}}