{"id":386,"date":"2014-12-01T23:32:12","date_gmt":"2014-12-01T21:32:12","guid":{"rendered":"http:\/\/medientheologe.de\/cms\/?p=386"},"modified":"2023-07-04T21:23:05","modified_gmt":"2023-07-04T19:23:05","slug":"advent-advent-eine-lichterkette-blinkt","status":"publish","type":"post","link":"https:\/\/medientheologe.de\/cms\/?p=386","title":{"rendered":"Advent, Advent, eine Lichterkette blinkt&#8230;"},"content":{"rendered":"<p><a href=\"http:\/\/medientheologe.de\/cms\/wp-content\/uploads\/2014\/12\/adventskranz.jpg\"><img loading=\"lazy\" decoding=\"async\" class=\"alignleft wp-image-401\" title=\"Foto: Karsten Kopjar privat\" src=\"http:\/\/medientheologe.de\/cms\/wp-content\/uploads\/2014\/12\/adventskranz-300x227.jpg\" alt=\"adventskranz\" width=\"167\" height=\"126\" srcset=\"https:\/\/medientheologe.de\/cms\/wp-content\/uploads\/2014\/12\/adventskranz-300x227.jpg 300w, https:\/\/medientheologe.de\/cms\/wp-content\/uploads\/2014\/12\/adventskranz-1024x776.jpg 1024w, https:\/\/medientheologe.de\/cms\/wp-content\/uploads\/2014\/12\/adventskranz-600x454.jpg 600w\" sizes=\"auto, (max-width: 167px) 100vw, 167px\" \/><\/a>Gestern war erster Advent. Eine Kerze am Adventskranz leuchtet. Nur eine &#8211; auch wenn schon vier da stehen. Dadurch ist es noch recht d\u00fcster im Raum, aber das macht die besondere Stimmung ja gerade aus. N\u00e4chste Woche wird es dann etwas heller, danach noch heller und Weihnachten wird es richtig hell. So ist das gedacht. Eigentlich eine sehr starke mediale Aussage. Wir \u00fcben uns im Verzicht. Die Kerzen sind von vorne herein da, aber der Lichtschein steigert sich erst allm\u00e4hlich.<\/p>\n<p><a href=\"https:\/\/upload.wikimedia.org\/wikipedia\/commons\/2\/20\/Kirchenjahrev.png\"><img loading=\"lazy\" decoding=\"async\" class=\"alignright\" title=\"Grafik: &quot;Das Evangelische Kirchenjahr mit den liturgischen Farben&quot; von &quot;103II&quot; (CC BY-SA 3.0) via http:\/\/upload.wikimedia.org\/wikipedia\/commons\/2\/20\/Kirchenjahrev.png\" src=\"https:\/\/upload.wikimedia.org\/wikipedia\/commons\/2\/20\/Kirchenjahrev.png\" alt=\"\" width=\"205\" height=\"219\"><\/a>\u00dcbrigens ist der erste Advent auch gleichzeitig der Beginn eines neuen Jahres. Der finale Countdown des Kalenderjahres wird zwar bei den meisten erst Silvester angez\u00e4hlt, aber inhaltlich macht das Kirchenjahr viel mehr Sinn:<br \/>\nWir fangen im dunklen November an und erleben, wie es im Advent hell wird, feiern Jesu Geburt, sein Wirken, seinen Tod und Auferstehung. Dann Himmelfahrt und Pfingsten die Ausgie\u00dfung des Heiligen Geistes und damit die Geburtsstunde der Kirche. Im Sommer und Herbst schlie\u00dflich das weltweite Wirken Gottes durch &#8222;seine Menschen&#8220; bis hin zum Toten- oder Ewigkeitssonntag. Am Ende wird es wieder dunkler, wir denken auch an das Leid, den Tod und das, was noch zu tun ist, damit Gottes Licht alle Menschen erreicht. Und wenn die Dunkelheit uns zu umschlingen droht, fangen wir wieder mit der Hoffnung des Advents an und es wird hell. St\u00fcck f\u00fcr St\u00fcck.<\/p>\n<p><a href=\"https:\/\/fbcdn-sphotos-f-a.akamaihd.net\/hphotos-ak-xap1\/v\/t1.0-9\/224961_190166731153974_8181142213776666084_n.jpg?oh=8787936cdc5b125fe522aa50f741b802&amp;oe=550595B7&amp;__gda__=1427541322_ba8fadc369843321b1258759727e2cbb\"><img loading=\"lazy\" decoding=\"async\" class=\"alignleft\" title=\"Foto: Context Marburg, via https:\/\/www.facebook.com\/pages\/ConText\/152586004912047\" src=\"https:\/\/fbcdn-sphotos-f-a.akamaihd.net\/hphotos-ak-xap1\/v\/t1.0-9\/224961_190166731153974_8181142213776666084_n.jpg?oh=8787936cdc5b125fe522aa50f741b802&amp;oe=550595B7&amp;__gda__=1427541322_ba8fadc369843321b1258759727e2cbb\" alt=\"\" width=\"259\" height=\"172\"><\/a>Ich darf mich nicht \u00fcber den \u00fcberschwenglichen Lichterglanz vieler St\u00e4dte,&nbsp;Menschen und Weihnachtsm\u00e4rkte beklagen, die nicht mehr warten k\u00f6nnen und sofort Instant-Freude per Blink-LED-Lichterkette produzieren wollen.&nbsp; Ich war ja auch mit einer Hot-Cocktail-Aktion beteiligt an so einer Aktion und hab mich gefreut, dass viele Leute uns letztes Wochenende besucht haben. Solche Events sind etwas Sch\u00f6nes und k\u00f6nnen Menschen guttun. Aber jetzt versuche ich, wieder auf langsam zu schalten und vom kleinen zum gro\u00dfen Hoffnungsschimmer gem\u00e4chlich voranzuschreiten. &#8222;Alles hat seine Zeit&#8220; &#8211; auch die kleinen Lichter.<\/p>\n<p>Frohe Adventszeit!<\/p>\n","protected":false},"excerpt":{"rendered":"<p>Gestern war erster Advent. Eine Kerze am Adventskranz leuchtet. Nur eine &#8211; auch wenn schon vier da stehen. Dadurch ist es noch recht d\u00fcster im Raum, aber das macht die besondere Stimmung ja gerade aus. N\u00e4chste Woche wird es dann etwas heller, danach noch heller und Weihnachten wird es richtig hell. So ist das gedacht. [&hellip;]<\/p>\n","protected":false},"author":3,"featured_media":1412,"comment_status":"closed","ping_status":"closed","sticky":false,"template":"","format":"standard","meta":{"footnotes":""},"categories":[11,5],"tags":[97,98,101,99,100],"class_list":["post-386","post","type-post","status-publish","format-standard","has-post-thumbnail","hentry","category-kreatives","category-theologie","tag-advent","tag-kirchenjahr","tag-licht-der-welt","tag-lichterkette","tag-weihnachtsmarkt"],"_links":{"self":[{"href":"https:\/\/medientheologe.de\/cms\/index.php?rest_route=\/wp\/v2\/posts\/386","targetHints":{"allow":["GET"]}}],"collection":[{"href":"https:\/\/medientheologe.de\/cms\/index.php?rest_route=\/wp\/v2\/posts"}],"about":[{"href":"https:\/\/medientheologe.de\/cms\/index.php?rest_route=\/wp\/v2\/types\/post"}],"author":[{"embeddable":true,"href":"https:\/\/medientheologe.de\/cms\/index.php?rest_route=\/wp\/v2\/users\/3"}],"replies":[{"embeddable":true,"href":"https:\/\/medientheologe.de\/cms\/index.php?rest_route=%2Fwp%2Fv2%2Fcomments&post=386"}],"version-history":[{"count":7,"href":"https:\/\/medientheologe.de\/cms\/index.php?rest_route=\/wp\/v2\/posts\/386\/revisions"}],"predecessor-version":[{"id":1413,"href":"https:\/\/medientheologe.de\/cms\/index.php?rest_route=\/wp\/v2\/posts\/386\/revisions\/1413"}],"wp:featuredmedia":[{"embeddable":true,"href":"https:\/\/medientheologe.de\/cms\/index.php?rest_route=\/wp\/v2\/media\/1412"}],"wp:attachment":[{"href":"https:\/\/medientheologe.de\/cms\/index.php?rest_route=%2Fwp%2Fv2%2Fmedia&parent=386"}],"wp:term":[{"taxonomy":"category","embeddable":true,"href":"https:\/\/medientheologe.de\/cms\/index.php?rest_route=%2Fwp%2Fv2%2Fcategories&post=386"},{"taxonomy":"post_tag","embeddable":true,"href":"https:\/\/medientheologe.de\/cms\/index.php?rest_route=%2Fwp%2Fv2%2Ftags&post=386"}],"curies":[{"name":"wp","href":"https:\/\/api.w.org\/{rel}","templated":true}]}}