{"id":153,"date":"2014-08-04T16:37:48","date_gmt":"2014-08-04T14:37:48","guid":{"rendered":"http:\/\/medientheologe.de\/cms\/?p=153"},"modified":"2021-12-17T19:50:50","modified_gmt":"2021-12-17T17:50:50","slug":"formen-von-gemeinschaft","status":"publish","type":"post","link":"https:\/\/medientheologe.de\/cms\/?p=153","title":{"rendered":"Formen von Gemeinschaft"},"content":{"rendered":"<p>Oft werde ich gefragt, wie meine unterschiedlichen Bet\u00e4tigungsfelder zusammen passen. Ganz einfach: Es geht mir darum, Gemeinschaft zu st\u00e4rken.<\/p>\n<p><strong>Physische Gemeinschaft<\/strong><\/p>\n<figure id=\"attachment_164\" aria-describedby=\"caption-attachment-164\" style=\"width: 225px\" class=\"wp-caption alignleft\"><img loading=\"lazy\" decoding=\"async\" class=\"wp-image-164\" title=\"(c) privat\" src=\"http:\/\/medientheologe.de\/cms\/wp-content\/uploads\/2014\/08\/Schwanreihe_web-300x200.jpg\" alt=\"(c) privat\" width=\"225\" height=\"150\" srcset=\"https:\/\/medientheologe.de\/cms\/wp-content\/uploads\/2014\/08\/Schwanreihe_web-300x200.jpg 300w, https:\/\/medientheologe.de\/cms\/wp-content\/uploads\/2014\/08\/Schwanreihe_web-1024x682.jpg 1024w\" sizes=\"auto, (max-width: 225px) 100vw, 225px\" \/><figcaption id=\"caption-attachment-164\" class=\"wp-caption-text\">Physische Gemeinschaft am Strand<\/figcaption><\/figure>\n<p>Wenn ich sportlichen Rock&#8217;n&#8217;Roll und klassischen Gesellschaftstanz unterrichte und Menschen bei Wochenend-Freizeiten zum Schwitzen und Entspannen bringe, kommt man sich n\u00e4her. Man erlebt etwas, findet Freunde. Ebenso bei Cocktailabenden, Hochzeiten, Feiern und anderen Events, wo Menschen sich begegnen. \u00dcberall da, wo positive Gemeinschaft gelebt wird, bin ich gerne dabei und helfe durch meine Erfahrungen, das Gute zu etwas Besonderem zu machen.<\/p>\n<p><strong>Virtuelle Gemeinschaft<\/strong><\/p>\n<figure style=\"width: 195px\" class=\"wp-caption alignright\"><img loading=\"lazy\" decoding=\"async\" title=\"(c) Andreas Kutter via Foto-Community\" src=\"http:\/\/images.fotocommunity.de\/bilder\/archiv-2005-2006\/fotocommunity-virtuell\/virtuelle-gemeinschaft-a7f5a661-ff44-4a0f-b71e-d0ebbefca506.jpg\" alt=\"(c) Andreas Kutter via Foto-Community\" width=\"195\" height=\"149\" \/><figcaption class=\"wp-caption-text\">Virtuelle Gemeinschaft im Internet<\/figcaption><\/figure>\n<p>Auch wenn sich Menschen im Internet austauschen findet Gemeinschaft statt. Sicher eine andere Form mit reduzierter Kanalvielfalt. Fehlende Gestik, Mimik und Haptik reduzieren die zwischenmenschlichen Schwingungen. Daher sind digitale Begegnungen oft stringenter und nutzen die vorhandenen M\u00f6glichkeiten (Text, Fotos, Audio, Videostreaming) besonders bewusst, um \u00fcber weite Strecken hinweg pers\u00f6nliche Gemeinschaft zu erleben. Egal ob ein Gottesdiesnt, ein Konzert, privater Austausch oder Gesch\u00e4ftskommunikation, einmalige Events, Kampagnen oder regelm\u00e4\u00dfige Beitr\u00e4ge. Ich mag es, wenn das menschliche durch maschinelle Kan\u00e4le hindurch erhalten bleibt. Denn auch ohne k\u00f6rperliche Anwesenheit kann dann echte Gemeinschaft entstehen.<\/p>\n<p><strong>Spirituelle Gemeinschaft<\/strong><\/p>\n<figure style=\"width: 155px\" class=\"wp-caption alignleft\"><img loading=\"lazy\" decoding=\"async\" title=\"Christus-Treff Marburg\" src=\"http:\/\/www.christus-treff-marburg.de\/typo3temp\/pics\/ea19cb75ff.jpg\" alt=\"Christus-Treff Marburg\" width=\"155\" height=\"233\" \/><figcaption class=\"wp-caption-text\">geistliche Gemeinschaft im Gottesdienst<\/figcaption><\/figure>\n<p>Wenn Menschen Gott begegnen und geistlich auftanken ist das immer ein intimer und pers\u00f6nlicher Moment. Das kann ganz alleine (&#8222;im stillen K\u00e4mmerlein&#8220;) passieren oder gemeinsam mit anderen Menschen. Oft im Gottesdienst gemeinsam an einem Ort, aber auch dar\u00fcber hinaus mit Christinnen und Christen aller Zeiten und an allen Orten. Geistliche Gemeinschaft ist schon vom Prinzip her ortsunabh\u00e4ngig, von daher mag ich es besonders, neben kreativen Vor-Ort-Konzepten auch neue digitale Medien und virtuelle Vernetzung in Gottesdienste zu integrieren. So kann man zeitgem\u00e4\u00df feiern und den Kontakt zu Menschen und zu Gott ganzheitlich erleben.<\/p>\n<figure id=\"attachment_165\" aria-describedby=\"caption-attachment-165\" style=\"width: 134px\" class=\"wp-caption alignright\"><a href=\"http:\/\/medientheologe.de\/cms\/wp-content\/uploads\/2014\/08\/Cover.jpg\"><img loading=\"lazy\" decoding=\"async\" class=\"wp-image-165\" title=\"Buch-Cover: &quot;Gott - gef\u00e4llt mir!&quot;\" src=\"http:\/\/medientheologe.de\/cms\/wp-content\/uploads\/2014\/08\/Cover-191x300.jpg\" alt=\"Buch-Cover: &quot;Gott - gef\u00e4llt mir!&quot;\" width=\"134\" height=\"210\" srcset=\"https:\/\/medientheologe.de\/cms\/wp-content\/uploads\/2014\/08\/Cover-191x300.jpg 191w, https:\/\/medientheologe.de\/cms\/wp-content\/uploads\/2014\/08\/Cover-652x1024.jpg 652w, https:\/\/medientheologe.de\/cms\/wp-content\/uploads\/2014\/08\/Cover.jpg 660w\" sizes=\"auto, (max-width: 134px) 100vw, 134px\" \/><\/a><figcaption id=\"caption-attachment-165\" class=\"wp-caption-text\">Buch: &#8222;Gott &#8211; gef\u00e4llt mir!&#8220;<\/figcaption><\/figure>\n<p><strong>Ganzheitliche Gemeinschaft<\/strong><\/p>\n<p>In diesem Sinne bin ich also ein Gemeinschaftsmensch. Ich mag es, alle drei Ebenen zusammen zu denken und Menschen zu motivieren, sie auch kombiniert umzusetzen. Wie ist das bei dir?<\/p>\n<ul>\n<li>Bist du eher der Face-To-Face-Typ? Dann denk mal dr\u00fcber nach, wo du weit entfernte Menschen mit Social Media noch besser erreichen kannst.<\/li>\n<li>Bist du eher der Online-Nerd? Dann \u00fcberleg mal, ob es in deiner Nachbarschaft Personen gibt, die du mal wieder besuchen k\u00f6nntest.<\/li>\n<li>Bist du eher rationaler Humanist? Dann versuch mal, dich auf Gott einzulassen. Egal ob online oder offline. Im Stau oder im Wald. Er hat uns f\u00fcr Gemeinschaft geschaffen und antwortet, wenn wir mit ihm reden. Manchmal durch ganz konkrete Situationen, machmal durch Ereignisse, Menschen oder Gef\u00fchle.<\/li>\n<li>Bist du verantwortlich f\u00fcr Events, Gemeinde- oder Firmenkommunikation? Dann lass uns ins Gespr\u00e4ch kommen. Gerne berate ich, schule Mitarbeiter oder zeige in Impulsvortr\u00e4gen Ideen auf, wie man mit dem, was man schon macht, noch effektiver Menschen in Gemeinschaft f\u00fchren kann \ud83d\ude42<\/li>\n<\/ul>\n","protected":false},"excerpt":{"rendered":"<p>Oft werde ich gefragt, wie meine unterschiedlichen Bet\u00e4tigungsfelder zusammen passen. Ganz einfach: Es geht mir darum, Gemeinschaft zu st\u00e4rken. Physische Gemeinschaft Wenn ich sportlichen Rock&#8217;n&#8217;Roll und klassischen Gesellschaftstanz unterrichte und Menschen bei Wochenend-Freizeiten zum Schwitzen und Entspannen bringe, kommt man sich n\u00e4her. Man erlebt etwas, findet Freunde. Ebenso bei Cocktailabenden, Hochzeiten, Feiern und anderen Events, [&hellip;]<\/p>\n","protected":false},"author":3,"featured_media":0,"comment_status":"closed","ping_status":"closed","sticky":false,"template":"","format":"standard","meta":{"footnotes":""},"categories":[4,3,5],"tags":[25,23,20,22,24,21],"class_list":["post-153","post","type-post","status-publish","format-standard","hentry","category-gottesdienst","category-social-media","category-theologie","tag-ganzheitlich","tag-geistlich","tag-gemeinschaft","tag-physisch","tag-spirituell","tag-virtuell"],"_links":{"self":[{"href":"https:\/\/medientheologe.de\/cms\/index.php?rest_route=\/wp\/v2\/posts\/153","targetHints":{"allow":["GET"]}}],"collection":[{"href":"https:\/\/medientheologe.de\/cms\/index.php?rest_route=\/wp\/v2\/posts"}],"about":[{"href":"https:\/\/medientheologe.de\/cms\/index.php?rest_route=\/wp\/v2\/types\/post"}],"author":[{"embeddable":true,"href":"https:\/\/medientheologe.de\/cms\/index.php?rest_route=\/wp\/v2\/users\/3"}],"replies":[{"embeddable":true,"href":"https:\/\/medientheologe.de\/cms\/index.php?rest_route=%2Fwp%2Fv2%2Fcomments&post=153"}],"version-history":[{"count":10,"href":"https:\/\/medientheologe.de\/cms\/index.php?rest_route=\/wp\/v2\/posts\/153\/revisions"}],"predecessor-version":[{"id":195,"href":"https:\/\/medientheologe.de\/cms\/index.php?rest_route=\/wp\/v2\/posts\/153\/revisions\/195"}],"wp:attachment":[{"href":"https:\/\/medientheologe.de\/cms\/index.php?rest_route=%2Fwp%2Fv2%2Fmedia&parent=153"}],"wp:term":[{"taxonomy":"category","embeddable":true,"href":"https:\/\/medientheologe.de\/cms\/index.php?rest_route=%2Fwp%2Fv2%2Fcategories&post=153"},{"taxonomy":"post_tag","embeddable":true,"href":"https:\/\/medientheologe.de\/cms\/index.php?rest_route=%2Fwp%2Fv2%2Ftags&post=153"}],"curies":[{"name":"wp","href":"https:\/\/api.w.org\/{rel}","templated":true}]}}